{"id":113,"date":"2022-09-20T15:47:39","date_gmt":"2022-09-20T13:47:39","guid":{"rendered":"https:\/\/informacaf.fr\/?p=113"},"modified":"2022-09-20T15:48:17","modified_gmt":"2022-09-20T13:48:17","slug":"premier-repaircafe-le-24-9-2022","status":"publish","type":"post","link":"https:\/\/informacaf.fr\/index.php\/2022\/09\/20\/premier-repaircafe-le-24-9-2022\/","title":{"rendered":"Premier Repair&rsquo;Caf\u00e9 le 24\/9\/2022"},"content":{"rendered":"\n<p>Un grille-pain cass\u00e9 ? Une cafeti\u00e8re qui fuit ? Une souris qui ne marche plus ?  Ne les jetez plus, venez au Repair Caf\u00e9 pour lui redonner une seconde vie, ensemble !<br>1. J&rsquo;apporte mes objets en mauvais \u00e9tat<br>2. Nous cherchons la panne ensemble gr\u00e2ce \u00e0 nos savoir-faire, \u00e0 internet ou en appelant un.e ami.e.<br>3. Nous r\u00e9parons ensemble l&rsquo;objet gr\u00e2ce aux outils disponibles<\/p>\n\n\n\n<p><br>Ce n&rsquo;est ni une prestation, ni un service, tout le monde doit participer pour s&rsquo;entraider et apprendre \u00e0 faire ensemble. Nous ne garantissons pas de pouvoir tout r\u00e9parer, simplement d&rsquo;au moins essayer, de savoir rater et de nouvelles connaissances.<br>Le but est autant d&rsquo;arriver \u00e0 une r\u00e9paration que d&rsquo;apprendre \u00e0 r\u00e9parer et de rencontrer ses voisin.e.s gr\u00e2ce \u00e0 un bon caf\u00e9 (ou autre boissons bien s\u00fbr).<br>Pr\u00eat.e \u00e0 venir r\u00e9parer ?<\/p>\n\n\n\n<p>Notre premier atelier est pour ce samedi 24 septembre \u00e0 14h30.<\/p>\n\n\n\n<p>Pensez \u00e0 r\u00e9server votre cr\u00e9neau par mail ou au t\u00e9l\u00e9phone<\/p>\n\n\n\n<figure class=\"wp-block-image size-large\"><img loading=\"lazy\" decoding=\"async\" width=\"725\" height=\"1024\" src=\"https:\/\/informacaf.fr\/wp-content\/uploads\/2022\/09\/Affiche-20220924-725x1024.png\" alt=\"Affiche du repair caf\u00e9, atelier du 24\/9\/2022\" class=\"wp-image-114\" srcset=\"https:\/\/informacaf.fr\/wp-content\/uploads\/2022\/09\/Affiche-20220924-725x1024.png 725w, https:\/\/informacaf.fr\/wp-content\/uploads\/2022\/09\/Affiche-20220924-212x300.png 212w, https:\/\/informacaf.fr\/wp-content\/uploads\/2022\/09\/Affiche-20220924-768x1085.png 768w, https:\/\/informacaf.fr\/wp-content\/uploads\/2022\/09\/Affiche-20220924-1087x1536.png 1087w, https:\/\/informacaf.fr\/wp-content\/uploads\/2022\/09\/Affiche-20220924-1200x1696.png 1200w, https:\/\/informacaf.fr\/wp-content\/uploads\/2022\/09\/Affiche-20220924.png 1241w\" sizes=\"auto, (max-width: 725px) 100vw, 725px\" \/><\/figure>\n\n\n\n<p><\/p>\n","protected":false},"excerpt":{"rendered":"<p>Un grille-pain cass\u00e9 ? Une cafeti\u00e8re qui fuit ? Une souris qui ne marche plus ? Ne les jetez plus, venez au Repair Caf\u00e9 pour lui redonner une seconde vie, ensemble !1. J&rsquo;apporte mes objets en mauvais \u00e9tat2. Nous cherchons la panne ensemble gr\u00e2ce \u00e0 nos savoir-faire, \u00e0 internet ou en appelant un.e ami.e.3. Nous [&hellip;]<\/p>\n","protected":false},"author":2,"featured_media":0,"comment_status":"open","ping_status":"open","sticky":false,"template":"","format":"standard","meta":{"_jetpack_memberships_contains_paid_content":false,"footnotes":""},"categories":[7],"tags":[],"class_list":["post-113","post","type-post","status-publish","format-standard","hentry","category-repair-cafe"],"jetpack_featured_media_url":"","jetpack-related-posts":[],"jetpack_sharing_enabled":true,"_links":{"self":[{"href":"https:\/\/informacaf.fr\/index.php\/wp-json\/wp\/v2\/posts\/113","targetHints":{"allow":["GET"]}}],"collection":[{"href":"https:\/\/informacaf.fr\/index.php\/wp-json\/wp\/v2\/posts"}],"about":[{"href":"https:\/\/informacaf.fr\/index.php\/wp-json\/wp\/v2\/types\/post"}],"author":[{"embeddable":true,"href":"https:\/\/informacaf.fr\/index.php\/wp-json\/wp\/v2\/users\/2"}],"replies":[{"embeddable":true,"href":"https:\/\/informacaf.fr\/index.php\/wp-json\/wp\/v2\/comments?post=113"}],"version-history":[{"count":1,"href":"https:\/\/informacaf.fr\/index.php\/wp-json\/wp\/v2\/posts\/113\/revisions"}],"predecessor-version":[{"id":115,"href":"https:\/\/informacaf.fr\/index.php\/wp-json\/wp\/v2\/posts\/113\/revisions\/115"}],"wp:attachment":[{"href":"https:\/\/informacaf.fr\/index.php\/wp-json\/wp\/v2\/media?parent=113"}],"wp:term":[{"taxonomy":"category","embeddable":true,"href":"https:\/\/informacaf.fr\/index.php\/wp-json\/wp\/v2\/categories?post=113"},{"taxonomy":"post_tag","embeddable":true,"href":"https:\/\/informacaf.fr\/index.php\/wp-json\/wp\/v2\/tags?post=113"}],"curies":[{"name":"wp","href":"https:\/\/api.w.org\/{rel}","templated":true}]}}